
{"id":13443,"date":"2025-05-29T16:12:26","date_gmt":"2025-05-29T15:12:26","guid":{"rendered":"http:\/\/sciences.univ-alger.dz\/?p=13443"},"modified":"2025-05-29T16:17:22","modified_gmt":"2025-05-29T15:17:22","slug":"2eme-journee-scientifique-et-pedagogique-de-la-faculte-des-sciences-2025","status":"publish","type":"post","link":"http:\/\/sciences.univ-alger.dz\/?p=13443","title":{"rendered":"2\u00e9me journ\u00e9e Scientifique et P\u00e9dagogique de la Facult\u00e9 des Sciences 2025"},"content":{"rendered":"\t\t<div data-elementor-type=\"wp-post\" data-elementor-id=\"13443\" class=\"elementor elementor-13443\" data-elementor-post-type=\"post\">\n\t\t\t\t\t\t<section class=\"elementor-section elementor-top-section elementor-element elementor-element-1b2b129d elementor-section-boxed elementor-section-height-default elementor-section-height-default\" data-id=\"1b2b129d\" data-element_type=\"section\" data-e-type=\"section\">\n\t\t\t\t\t\t<div class=\"elementor-container elementor-column-gap-default\">\n\t\t\t\t\t<div class=\"elementor-column elementor-col-100 elementor-top-column elementor-element elementor-element-25220d16\" data-id=\"25220d16\" data-element_type=\"column\" data-e-type=\"column\">\n\t\t\t<div class=\"elementor-widget-wrap elementor-element-populated\">\n\t\t\t\t\t\t<div class=\"elementor-element elementor-element-6b95a6bd elementor-widget elementor-widget-heading\" data-id=\"6b95a6bd\" data-element_type=\"widget\" data-e-type=\"widget\" data-widget_type=\"heading.default\">\n\t\t\t\t<div class=\"elementor-widget-container\">\n\t\t\t\t\t<h2 class=\"elementor-heading-title elementor-size-large\">Manifestation Scientifique - Appel \u00e0 communication<\/h2>\t\t\t\t<\/div>\n\t\t\t\t<\/div>\n\t\t\t\t\t<\/div>\n\t\t<\/div>\n\t\t\t\t\t<\/div>\n\t\t<\/section>\n\t\t\t\t<section class=\"elementor-section elementor-top-section elementor-element elementor-element-3dccf7a0 elementor-section-boxed elementor-section-height-default elementor-section-height-default\" data-id=\"3dccf7a0\" data-element_type=\"section\" data-e-type=\"section\">\n\t\t\t\t\t\t<div class=\"elementor-container elementor-column-gap-default\">\n\t\t\t\t\t<div class=\"elementor-column elementor-col-100 elementor-top-column elementor-element elementor-element-41926f88\" data-id=\"41926f88\" data-element_type=\"column\" data-e-type=\"column\">\n\t\t\t<div class=\"elementor-widget-wrap elementor-element-populated\">\n\t\t\t\t\t\t<div class=\"elementor-element elementor-element-52bd580b elementor-widget elementor-widget-text-editor\" data-id=\"52bd580b\" data-element_type=\"widget\" data-e-type=\"widget\" data-widget_type=\"text-editor.default\">\n\t\t\t\t<div class=\"elementor-widget-container\">\n\t\t\t\t\t\t\t\t\t<h2><strong><center>2<sup>\u00e9me<\/sup> journ\u00e9e Scientifique et P\u00e9dagogique de la Facult\u00e9 des Sciences 2025<\/center><\/strong><\/h2>\n<strong>\u00a0<\/strong>\n\nLa Facult\u00e9 des Sciences a le plaisir de vous\u00a0 annoncer \u00a0l\u2019organisation de la\u00a0 2<sup>\u00e8me<\/sup>\u00a0 Journ\u00e9e P\u00e9dagogique et Scientifiques,\u00a0 qui aura lieu le <strong>30 juin 2025\u00a0 <\/strong>\u00e0 l\u2019Universit\u00e9 d\u2019Alger 1 Benyoucef Benkhedda.\n\n\nCette manifestation scientifique sera une occasion pour les \u00e9tudiants masters, doctorants et\u00a0 enseignants-chercheurs des diff\u00e9rents d\u00e9partements (05 d\u00e9partements) de communiquer, pr\u00e9senter les r\u00e9sultats de leurs travaux et de faire connaitre leurs axes de recherches. Cette journ\u00e9e offrira une opportunit\u00e9 d\u2019\u00e9changes entre les nouveaux chercheurs travaillant dans diff\u00e9rents domaines.\n\nPour plus d\u2019information veuillez consulter le lien suivant:\n\n<a href=\"http:\/\/sciences.univ-alger.dz\/spdfs\/\">http:\/\/sciences.univ-alger.dz\/spdfs\/<\/a>\t\t\t\t\t\t\t\t<\/div>\n\t\t\t\t<\/div>\n\t\t\t\t\t<\/div>\n\t\t<\/div>\n\t\t\t\t\t<\/div>\n\t\t<\/section>\n\t\t\t\t<\/div>\n\t\t","protected":false},"excerpt":{"rendered":"<p>Manifestation Scientifique &#8211; Appel \u00e0 communication 2\u00e9me journ\u00e9e Scientifique et P\u00e9dagogique de la Facult\u00e9 des Sciences 2025 \u00a0 La Facult\u00e9 des Sciences a le plaisir de vous\u00a0 annoncer \u00a0l\u2019organisation de la\u00a0 2\u00e8me\u00a0 Journ\u00e9e P\u00e9dagogique et Scientifiques,\u00a0 qui aura lieu le 30 juin 2025\u00a0 \u00e0 l\u2019Universit\u00e9 d\u2019Alger 1 Benyoucef Benkhedda. Cette manifestation scientifique sera une occasion [&hellip;]<\/p>\n","protected":false},"author":1,"featured_media":0,"comment_status":"open","ping_status":"open","sticky":false,"template":"elementor_header_footer","format":"standard","meta":{"ocean_post_layout":"","ocean_both_sidebars_style":"","ocean_both_sidebars_content_width":0,"ocean_both_sidebars_sidebars_width":0,"ocean_sidebar":"","ocean_second_sidebar":"","ocean_disable_margins":"enable","ocean_add_body_class":"","ocean_shortcode_before_top_bar":"","ocean_shortcode_after_top_bar":"","ocean_shortcode_before_header":"","ocean_shortcode_after_header":"","ocean_has_shortcode":"","ocean_shortcode_after_title":"","ocean_shortcode_before_footer_widgets":"","ocean_shortcode_after_footer_widgets":"","ocean_shortcode_before_footer_bottom":"","ocean_shortcode_after_footer_bottom":"","ocean_display_top_bar":"default","ocean_display_header":"default","ocean_header_style":"","ocean_center_header_left_menu":"","ocean_custom_header_template":"","ocean_custom_logo":0,"ocean_custom_retina_logo":0,"ocean_custom_logo_max_width":0,"ocean_custom_logo_tablet_max_width":0,"ocean_custom_logo_mobile_max_width":0,"ocean_custom_logo_max_height":0,"ocean_custom_logo_tablet_max_height":0,"ocean_custom_logo_mobile_max_height":0,"ocean_header_custom_menu":"","ocean_menu_typo_font_family":"","ocean_menu_typo_font_subset":"","ocean_menu_typo_font_size":0,"ocean_menu_typo_font_size_tablet":0,"ocean_menu_typo_font_size_mobile":0,"ocean_menu_typo_font_size_unit":"px","ocean_menu_typo_font_weight":"","ocean_menu_typo_font_weight_tablet":"","ocean_menu_typo_font_weight_mobile":"","ocean_menu_typo_transform":"","ocean_menu_typo_transform_tablet":"","ocean_menu_typo_transform_mobile":"","ocean_menu_typo_line_height":0,"ocean_menu_typo_line_height_tablet":0,"ocean_menu_typo_line_height_mobile":0,"ocean_menu_typo_line_height_unit":"","ocean_menu_typo_spacing":0,"ocean_menu_typo_spacing_tablet":0,"ocean_menu_typo_spacing_mobile":0,"ocean_menu_typo_spacing_unit":"","ocean_menu_link_color":"","ocean_menu_link_color_hover":"","ocean_menu_link_color_active":"","ocean_menu_link_background":"","ocean_menu_link_hover_background":"","ocean_menu_link_active_background":"","ocean_menu_social_links_bg":"","ocean_menu_social_hover_links_bg":"","ocean_menu_social_links_color":"","ocean_menu_social_hover_links_color":"","ocean_disable_title":"default","ocean_disable_heading":"default","ocean_post_title":"","ocean_post_subheading":"","ocean_post_title_style":"","ocean_post_title_background_color":"","ocean_post_title_background":0,"ocean_post_title_bg_image_position":"","ocean_post_title_bg_image_attachment":"","ocean_post_title_bg_image_repeat":"","ocean_post_title_bg_image_size":"","ocean_post_title_height":0,"ocean_post_title_bg_overlay":0.5,"ocean_post_title_bg_overlay_color":"","ocean_disable_breadcrumbs":"default","ocean_breadcrumbs_color":"","ocean_breadcrumbs_separator_color":"","ocean_breadcrumbs_links_color":"","ocean_breadcrumbs_links_hover_color":"","ocean_display_footer_widgets":"default","ocean_display_footer_bottom":"default","ocean_custom_footer_template":"","ocean_post_oembed":"","ocean_post_self_hosted_media":"","ocean_post_video_embed":"","ocean_link_format":"","ocean_link_format_target":"self","ocean_quote_format":"","ocean_quote_format_link":"post","ocean_gallery_link_images":"on","ocean_gallery_id":[],"footnotes":""},"categories":[31],"tags":[],"class_list":["post-13443","post","type-post","status-publish","format-standard","hentry","category-uncategorized-fr","entry"],"rttpg_featured_image_url":null,"rttpg_author":{"display_name":"Fs_Admina","author_link":"http:\/\/sciences.univ-alger.dz\/?author=1"},"rttpg_comment":0,"rttpg_category":"<a href=\"http:\/\/sciences.univ-alger.dz\/?cat=31\" rel=\"category\">Uncategorized<\/a>","rttpg_excerpt":"Manifestation Scientifique &#8211; Appel \u00e0 communication 2\u00e9me journ\u00e9e Scientifique et P\u00e9dagogique de la Facult\u00e9 des Sciences 2025 \u00a0 La Facult\u00e9 des Sciences a le plaisir de vous\u00a0 annoncer \u00a0l\u2019organisation de la\u00a0 2\u00e8me\u00a0 Journ\u00e9e P\u00e9dagogique et Scientifiques,\u00a0 qui aura lieu le 30 juin 2025\u00a0 \u00e0 l\u2019Universit\u00e9 d\u2019Alger 1 Benyoucef Benkhedda. Cette manifestation scientifique sera une occasion\u2026","_links":{"self":[{"href":"http:\/\/sciences.univ-alger.dz\/index.php?rest_route=\/wp\/v2\/posts\/13443","targetHints":{"allow":["GET"]}}],"collection":[{"href":"http:\/\/sciences.univ-alger.dz\/index.php?rest_route=\/wp\/v2\/posts"}],"about":[{"href":"http:\/\/sciences.univ-alger.dz\/index.php?rest_route=\/wp\/v2\/types\/post"}],"author":[{"embeddable":true,"href":"http:\/\/sciences.univ-alger.dz\/index.php?rest_route=\/wp\/v2\/users\/1"}],"replies":[{"embeddable":true,"href":"http:\/\/sciences.univ-alger.dz\/index.php?rest_route=%2Fwp%2Fv2%2Fcomments&post=13443"}],"version-history":[{"count":4,"href":"http:\/\/sciences.univ-alger.dz\/index.php?rest_route=\/wp\/v2\/posts\/13443\/revisions"}],"predecessor-version":[{"id":13447,"href":"http:\/\/sciences.univ-alger.dz\/index.php?rest_route=\/wp\/v2\/posts\/13443\/revisions\/13447"}],"wp:attachment":[{"href":"http:\/\/sciences.univ-alger.dz\/index.php?rest_route=%2Fwp%2Fv2%2Fmedia&parent=13443"}],"wp:term":[{"taxonomy":"category","embeddable":true,"href":"http:\/\/sciences.univ-alger.dz\/index.php?rest_route=%2Fwp%2Fv2%2Fcategories&post=13443"},{"taxonomy":"post_tag","embeddable":true,"href":"http:\/\/sciences.univ-alger.dz\/index.php?rest_route=%2Fwp%2Fv2%2Ftags&post=13443"}],"curies":[{"name":"wp","href":"https:\/\/api.w.org\/{rel}","templated":true}]}}