
{"id":10260,"date":"2024-10-31T09:04:02","date_gmt":"2024-10-31T08:04:02","guid":{"rendered":"http:\/\/sciences.univ-alger.dz\/?p=10260"},"modified":"2024-10-31T09:06:53","modified_gmt":"2024-10-31T08:06:53","slug":"candidature-au-conseil-de-la-faculte","status":"publish","type":"post","link":"http:\/\/sciences.univ-alger.dz\/?p=10260","title":{"rendered":"Candidature au conseil de la facult\u00e9"},"content":{"rendered":"\t\t<div data-elementor-type=\"wp-post\" data-elementor-id=\"10260\" class=\"elementor elementor-10260\" data-elementor-post-type=\"post\">\n\t\t\t\t\t\t<section class=\"elementor-section elementor-top-section elementor-element elementor-element-160d4c35 elementor-section-boxed elementor-section-height-default elementor-section-height-default\" data-id=\"160d4c35\" data-element_type=\"section\" data-e-type=\"section\">\n\t\t\t\t\t\t<div class=\"elementor-container elementor-column-gap-default\">\n\t\t\t\t\t<div class=\"elementor-column elementor-col-100 elementor-top-column elementor-element elementor-element-11806c9\" data-id=\"11806c9\" data-element_type=\"column\" data-e-type=\"column\">\n\t\t\t<div class=\"elementor-widget-wrap elementor-element-populated\">\n\t\t\t\t\t\t<div class=\"elementor-element elementor-element-6ac82432 elementor-widget elementor-widget-heading\" data-id=\"6ac82432\" data-element_type=\"widget\" data-e-type=\"widget\" data-widget_type=\"heading.default\">\n\t\t\t\t<div class=\"elementor-widget-container\">\n\t\t\t\t\t<h2 class=\"elementor-heading-title elementor-size-large\"> Candidature au conseil de la facult\u00e9<\/h2>\t\t\t\t<\/div>\n\t\t\t\t<\/div>\n\t\t\t\t<div class=\"elementor-element elementor-element-1d675d91 elementor-widget elementor-widget-text-editor\" data-id=\"1d675d91\" data-element_type=\"widget\" data-e-type=\"widget\" data-widget_type=\"text-editor.default\">\n\t\t\t\t<div class=\"elementor-widget-container\">\n\t\t\t\t\t\t\t\t\t<p>Dans le cadre de renouvellement des membres \u00e9lus du conseil de la facult\u00e9, et conform\u00e9ment au d\u00e9cret ex\u00e9cutif N\u00b0 03-279 du 23 Ao\u00fbt 2003, et du 06-343 du 27 Septembre 2006 modifi\u00e9 et Compl\u00e9t\u00e9, fixant les missions et les r\u00e8gles particuli\u00e8res d\u2019organisation et de fonctionnement de l\u2019Universit\u00e9,<\/p><p>Il est port\u00e9 \u00e0 la connaissance des enseignants de grade professeur, Ma\u00eetre de Conf\u00e9rences classe A et Ma\u00eetre-Assistant en position d\u2019activit\u00e9 souhaitant se porter candidat aux \u00e9lections, qu\u2019ils peuvent d\u00e9poser leur candidature, via le lien Google Forms ci-dessous\u00a0:<\/p><p style=\"font-weight: 400;\"><a href=\"https:\/\/forms.gle\/cLTurUcSdv7asQBQ9\" data-saferedirecturl=\"https:\/\/www.google.com\/url?q=https:\/\/forms.gle\/cLTurUcSdv7asQBQ9&amp;source=gmail&amp;ust=1730447864733000&amp;usg=AOvVaw0XNuj53SKnDjCQlRXy1p3w\">https:\/\/forms.gle\/cLTurUcSdv7asQBQ9<\/a><\/p><ul><li style=\"list-style-type: none\"><ul><li style=\"font-weight: 400;\">Deux (02) membres parmi les enseignants de rang magistral (Professeur et MCA) par D\u00e9partement.<\/li><li style=\"font-weight: 400;\">Deux (02) membres parmi les Ma\u00eetres assistants relevant de la facult\u00e9.<\/li><\/ul><\/li><\/ul><p>\u00a0<\/p>\t\t\t\t\t\t\t\t<\/div>\n\t\t\t\t<\/div>\n\t\t\t\t<div class=\"elementor-element elementor-element-e1c9378 elementor-widget elementor-widget-pdfjs_viewer\" data-id=\"e1c9378\" data-element_type=\"widget\" data-e-type=\"widget\" data-widget_type=\"pdfjs_viewer.default\">\n\t\t\t\t<div class=\"elementor-widget-container\">\n\t\t\t\t\t<iframe src=\"http:\/\/sciences.univ-alger.dz\/wp-content\/plugins\/pdf-viewer-for-elementor\/assets\/pdfjs\/web\/viewer.html?file=http:\/\/sciences.univ-alger.dz\/wp-content\/uploads\/2024\/10\/Candidature-enseignants-_-Consel-de-la-faculte.pdf&amp;embedded=true\" style=\"display: block; margin-left: auto; margin-right: auto; width: 755px; height: 1020px;\" frameborder=\"1\" marginheight=\"0px\" marginwidth=\"0px\" allowfullscreen><\/iframe>\t\t\t\t<\/div>\n\t\t\t\t<\/div>\n\t\t\t\t\t<\/div>\n\t\t<\/div>\n\t\t\t\t\t<\/div>\n\t\t<\/section>\n\t\t\t\t<\/div>\n\t\t","protected":false},"excerpt":{"rendered":"<p>Candidature au conseil de la facult\u00e9 Dans le cadre de renouvellement des membres \u00e9lus du conseil de la facult\u00e9, et conform\u00e9ment au d\u00e9cret ex\u00e9cutif N\u00b0 03-279 du 23 Ao\u00fbt 2003, et du 06-343 du 27 Septembre 2006 modifi\u00e9 et Compl\u00e9t\u00e9, fixant les missions et les r\u00e8gles particuli\u00e8res d\u2019organisation et de fonctionnement de l\u2019Universit\u00e9, Il est [&hellip;]<\/p>\n","protected":false},"author":1,"featured_media":0,"comment_status":"open","ping_status":"open","sticky":false,"template":"elementor_header_footer","format":"standard","meta":{"ocean_post_layout":"","ocean_both_sidebars_style":"","ocean_both_sidebars_content_width":0,"ocean_both_sidebars_sidebars_width":0,"ocean_sidebar":"0","ocean_second_sidebar":"0","ocean_disable_margins":"enable","ocean_add_body_class":"","ocean_shortcode_before_top_bar":"","ocean_shortcode_after_top_bar":"","ocean_shortcode_before_header":"","ocean_shortcode_after_header":"","ocean_has_shortcode":"","ocean_shortcode_after_title":"","ocean_shortcode_before_footer_widgets":"","ocean_shortcode_after_footer_widgets":"","ocean_shortcode_before_footer_bottom":"","ocean_shortcode_after_footer_bottom":"","ocean_display_top_bar":"default","ocean_display_header":"default","ocean_header_style":"","ocean_center_header_left_menu":"0","ocean_custom_header_template":"0","ocean_custom_logo":0,"ocean_custom_retina_logo":0,"ocean_custom_logo_max_width":0,"ocean_custom_logo_tablet_max_width":0,"ocean_custom_logo_mobile_max_width":0,"ocean_custom_logo_max_height":0,"ocean_custom_logo_tablet_max_height":0,"ocean_custom_logo_mobile_max_height":0,"ocean_header_custom_menu":"0","ocean_menu_typo_font_family":"0","ocean_menu_typo_font_subset":"","ocean_menu_typo_font_size":0,"ocean_menu_typo_font_size_tablet":0,"ocean_menu_typo_font_size_mobile":0,"ocean_menu_typo_font_size_unit":"px","ocean_menu_typo_font_weight":"","ocean_menu_typo_font_weight_tablet":"","ocean_menu_typo_font_weight_mobile":"","ocean_menu_typo_transform":"","ocean_menu_typo_transform_tablet":"","ocean_menu_typo_transform_mobile":"","ocean_menu_typo_line_height":0,"ocean_menu_typo_line_height_tablet":0,"ocean_menu_typo_line_height_mobile":0,"ocean_menu_typo_line_height_unit":"","ocean_menu_typo_spacing":0,"ocean_menu_typo_spacing_tablet":0,"ocean_menu_typo_spacing_mobile":0,"ocean_menu_typo_spacing_unit":"","ocean_menu_link_color":"","ocean_menu_link_color_hover":"","ocean_menu_link_color_active":"","ocean_menu_link_background":"","ocean_menu_link_hover_background":"","ocean_menu_link_active_background":"","ocean_menu_social_links_bg":"","ocean_menu_social_hover_links_bg":"","ocean_menu_social_links_color":"","ocean_menu_social_hover_links_color":"","ocean_disable_title":"default","ocean_disable_heading":"default","ocean_post_title":"","ocean_post_subheading":"","ocean_post_title_style":"","ocean_post_title_background_color":"","ocean_post_title_background":0,"ocean_post_title_bg_image_position":"","ocean_post_title_bg_image_attachment":"","ocean_post_title_bg_image_repeat":"","ocean_post_title_bg_image_size":"","ocean_post_title_height":0,"ocean_post_title_bg_overlay":0.5,"ocean_post_title_bg_overlay_color":"","ocean_disable_breadcrumbs":"default","ocean_breadcrumbs_color":"","ocean_breadcrumbs_separator_color":"","ocean_breadcrumbs_links_color":"","ocean_breadcrumbs_links_hover_color":"","ocean_display_footer_widgets":"default","ocean_display_footer_bottom":"default","ocean_custom_footer_template":"0","ocean_post_oembed":"","ocean_post_self_hosted_media":"","ocean_post_video_embed":"","ocean_link_format":"","ocean_link_format_target":"self","ocean_quote_format":"","ocean_quote_format_link":"post","ocean_gallery_link_images":"off","ocean_gallery_id":[],"footnotes":""},"categories":[31],"tags":[],"class_list":["post-10260","post","type-post","status-publish","format-standard","hentry","category-uncategorized-fr","entry"],"rttpg_featured_image_url":null,"rttpg_author":{"display_name":"Fs_Admina","author_link":"http:\/\/sciences.univ-alger.dz\/?author=1"},"rttpg_comment":0,"rttpg_category":"<a href=\"http:\/\/sciences.univ-alger.dz\/?cat=31\" rel=\"category\">Uncategorized<\/a>","rttpg_excerpt":"Candidature au conseil de la facult\u00e9 Dans le cadre de renouvellement des membres \u00e9lus du conseil de la facult\u00e9, et conform\u00e9ment au d\u00e9cret ex\u00e9cutif N\u00b0 03-279 du 23 Ao\u00fbt 2003, et du 06-343 du 27 Septembre 2006 modifi\u00e9 et Compl\u00e9t\u00e9, fixant les missions et les r\u00e8gles particuli\u00e8res d\u2019organisation et de fonctionnement de l\u2019Universit\u00e9, Il est\u2026","_links":{"self":[{"href":"http:\/\/sciences.univ-alger.dz\/index.php?rest_route=\/wp\/v2\/posts\/10260","targetHints":{"allow":["GET"]}}],"collection":[{"href":"http:\/\/sciences.univ-alger.dz\/index.php?rest_route=\/wp\/v2\/posts"}],"about":[{"href":"http:\/\/sciences.univ-alger.dz\/index.php?rest_route=\/wp\/v2\/types\/post"}],"author":[{"embeddable":true,"href":"http:\/\/sciences.univ-alger.dz\/index.php?rest_route=\/wp\/v2\/users\/1"}],"replies":[{"embeddable":true,"href":"http:\/\/sciences.univ-alger.dz\/index.php?rest_route=%2Fwp%2Fv2%2Fcomments&post=10260"}],"version-history":[{"count":7,"href":"http:\/\/sciences.univ-alger.dz\/index.php?rest_route=\/wp\/v2\/posts\/10260\/revisions"}],"predecessor-version":[{"id":10268,"href":"http:\/\/sciences.univ-alger.dz\/index.php?rest_route=\/wp\/v2\/posts\/10260\/revisions\/10268"}],"wp:attachment":[{"href":"http:\/\/sciences.univ-alger.dz\/index.php?rest_route=%2Fwp%2Fv2%2Fmedia&parent=10260"}],"wp:term":[{"taxonomy":"category","embeddable":true,"href":"http:\/\/sciences.univ-alger.dz\/index.php?rest_route=%2Fwp%2Fv2%2Fcategories&post=10260"},{"taxonomy":"post_tag","embeddable":true,"href":"http:\/\/sciences.univ-alger.dz\/index.php?rest_route=%2Fwp%2Fv2%2Ftags&post=10260"}],"curies":[{"name":"wp","href":"https:\/\/api.w.org\/{rel}","templated":true}]}}